{"id":3669,"date":"2019-01-07T11:47:51","date_gmt":"2019-01-07T11:47:51","guid":{"rendered":"http:\/\/www.foscao-ci.org\/?p=3669"},"modified":"2019-07-15T11:00:27","modified_gmt":"2019-07-15T11:00:27","slug":"le-foscaoci-appelle-le-gouvernement-a-retablir-les-elus-locaux-dans-leur-droit","status":"publish","type":"post","link":"https:\/\/www.foscao-ci.org\/?p=3669","title":{"rendered":"\u00ab\u00a0Le FOSCAOCI appelle le gouvernement \u00e0 r\u00e9tablir les \u00e9lus locaux dans leur droit\u00a0\u00bb"},"content":{"rendered":"<p>Dans un communiqu\u00e9 en date du 31 d\u00e9cembre 2018, le Minist\u00e8re de l&rsquo;int\u00e9rieur et de la s\u00e9curit\u00e9 a d\u00e9cid\u00e9 de placer sous tutelle pr\u00e9fectorale cinq communes. Il s\u2019agit des communes de Booko, Grand-Bassam, Plateau, Port-Bou\u00ebt et Rubino.<br \/>\n<a href=\"http:\/\/www.foscao-ci.org\/wp-content\/uploads\/2019\/01\/Communique\u0301-de-presse-commune-sous-tutelle-DEF-1.pdf\">LIRE LA SUITE du Communique\u0301 de presse<\/a><\/p>\n","protected":false},"excerpt":{"rendered":"<p>Dans un communiqu\u00e9 en date du 31 d\u00e9cembre 2018, le Minist\u00e8re de l&rsquo;int\u00e9rieur et de la s\u00e9curit\u00e9 a d\u00e9cid\u00e9 de&#8230;<\/p>\n","protected":false},"author":1,"featured_media":0,"comment_status":"closed","ping_status":"open","sticky":false,"template":"","format":"standard","meta":{"om_disable_all_campaigns":false,"_monsterinsights_skip_tracking":false,"_monsterinsights_sitenote_active":false,"_monsterinsights_sitenote_note":"","_monsterinsights_sitenote_category":0,"_uf_show_specific_survey":0,"_uf_disable_surveys":false,"footnotes":""},"categories":[60,62],"tags":[],"class_list":["post-3669","post","type-post","status-publish","format-standard","hentry","category-activites","category-declaration"],"aioseo_notices":[],"_links":{"self":[{"href":"https:\/\/www.foscao-ci.org\/index.php?rest_route=\/wp\/v2\/posts\/3669"}],"collection":[{"href":"https:\/\/www.foscao-ci.org\/index.php?rest_route=\/wp\/v2\/posts"}],"about":[{"href":"https:\/\/www.foscao-ci.org\/index.php?rest_route=\/wp\/v2\/types\/post"}],"author":[{"embeddable":true,"href":"https:\/\/www.foscao-ci.org\/index.php?rest_route=\/wp\/v2\/users\/1"}],"replies":[{"embeddable":true,"href":"https:\/\/www.foscao-ci.org\/index.php?rest_route=%2Fwp%2Fv2%2Fcomments&post=3669"}],"version-history":[{"count":3,"href":"https:\/\/www.foscao-ci.org\/index.php?rest_route=\/wp\/v2\/posts\/3669\/revisions"}],"predecessor-version":[{"id":3674,"href":"https:\/\/www.foscao-ci.org\/index.php?rest_route=\/wp\/v2\/posts\/3669\/revisions\/3674"}],"wp:attachment":[{"href":"https:\/\/www.foscao-ci.org\/index.php?rest_route=%2Fwp%2Fv2%2Fmedia&parent=3669"}],"wp:term":[{"taxonomy":"category","embeddable":true,"href":"https:\/\/www.foscao-ci.org\/index.php?rest_route=%2Fwp%2Fv2%2Fcategories&post=3669"},{"taxonomy":"post_tag","embeddable":true,"href":"https:\/\/www.foscao-ci.org\/index.php?rest_route=%2Fwp%2Fv2%2Ftags&post=3669"}],"curies":[{"name":"wp","href":"https:\/\/api.w.org\/{rel}","templated":true}]}}